{"id":6311,"date":"2017-02-03T14:00:56","date_gmt":"2017-02-03T19:00:56","guid":{"rendered":"https:\/\/sylwiatravel.com\/?p=6311\/"},"modified":"2020-01-13T08:44:01","modified_gmt":"2020-01-13T13:44:01","slug":"przymus-wyborczy-w-peru-wiedziales-to","status":"publish","type":"post","link":"https:\/\/sylwiatravel.com\/pl\/przymus-wyborczy-w-peru-wiedziales-to\/","title":{"rendered":"O obowi\u0105zkach Peruwia\u0144czyk\u00f3w. Przymus wyborczy w Peru"},"content":{"rendered":"<blockquote> W 2016 r. doby\u0142y si\u0119 w Peru wybory prezydenckie. Nie ma w tym nic dziwnego. Wi\u0119kszo\u015b\u0107 kraj\u00f3w co jaki\u015b czas wybiera nowego prezydenta. Chocia\u017c z drugiej strony s\u0105 dwie kwestie, kt\u00f3re w kontek\u015bcie peruwia\u0144skich wybor\u00f3w warto podnie\u015b\u0107 i o kt\u00f3rych zdecydowanie dobrze by\u0142oby wiedzie\u0107! Dlaczego? S\u0105 w mojej ocenie interesuj\u0105ce, a jedna z nich nawet zwi\u0105zana z Polsk\u0105. Ale szczeg\u00f3\u0142y poni\u017cej!<\/blockquote>\n<p style=\"text-align: justify;\">W Polce prawo, a w Peru obowi\u0105zek uczestniczenia w wyborach. Co kraj to obyczaj \ud83d\ude42<\/p>\n<h2 style=\"text-align: center;\">O obowi\u0105zkach Peruwia\u0144czyk\u00f3w s\u0142\u00f3w kilka, czyli przymus wyborczy w Peru<\/h2>\n<h3 style=\"text-align: justify;\"><\/h3>\n<p style=\"text-align: justify;\">Polacy korzystaj\u0105 z prawa do g\u0142osowania, dla odmiany Peruwia\u0144czycy maj\u0105 w tym zakresie obowi\u0105zek! Czy si\u0119 chce, czy nie do urny wyborczej \u00a0w Peru p\u00f3j\u015b\u0107 trzeba, inaczej skomplikuje si\u0119 sobie \u017cycie. A tego przecie\u017c nikt nie chce.<\/p>\n<p style=\"text-align: justify;\">Obowi\u0105zek wyborczy w Peru dotyczy wszystkich, kt\u00f3rzy uko\u0144czyli 18 lat i trwa a\u017c do uko\u0144czenia lat 70. Potem mo\u017cna sobie swobodnie decydowa\u0107, czy si\u0119 na g\u0142osowanie ch\u0119\u0107 ma, czy te\u017c nie.<\/p>\n<h4 style=\"text-align: justify;\">I jakie s\u0105 tego konsekwencje?<\/h4>\n<p style=\"text-align: justify;\">A co, jak si\u0119 zag\u0142osowa\u0107 nie chce. Trzeba b\u0119dzie zap\u0142acic kar\u0119! Ta w zale\u017cno\u015bci od zamo\u017cno\u015bci poszczeg\u00f3lnych region\u00f3w, w kt\u00f3rych si\u0119 mieszka wynosi: 19.75 soli (regiony sklasyfikowane, jako bardzo ubogie), 39.50 soli (regiony sklasyfikowane, jako ubogie) oraz 79 soli (regiony nie zaliczane do bardzo ubogich i ubogich). Najwy\u017csz\u0105 kar\u0119 przyk\u0142adowo zap\u0142ac\u0105 Peruwia\u0144czycy mieszkaj\u0105cy w Limie i Callao. Stosunkowo wy\u017csze kary ponosz\u0105 tak\u017ce cz\u0142onkowie zarz\u0105d\u00f3w. Tych, w przypaku odmowy udzia\u0142u w g\u0142osowaniu, czeka\u0107 b\u0119dzie wydatek rz\u0119du 197.5 sola.<\/p>\n<h4 style=\"text-align: justify;\">A co jak si\u0119 nie zap\u0142aci?<\/h4>\n<p style=\"text-align: justify;\">Na tak\u0105 osob\u0119 czeka\u0107 b\u0119dzie sporo problem\u00f3w. M.in. nie b\u0119dzie ona mog\u0142a zmieni\u0107 swojego adresu, wyjecha\u0107 za granic\u0119, nie b\u0119dzie r\u00f3wnie\u017c mog\u0142a za\u0142atwi\u0107 nic w \u017cadnym urz\u0119dzie. W og\u00f3le nie b\u0119dzie mog\u0142a za\u0142atwi\u0107 nic, co zwykle za\u0142awia si\u0119 z udzia\u0142em dokumentu to\u017csamo\u015bci.<\/p>\n<p style=\"text-align: justify;\">By takich komplikacji unikn\u0105\u0107 najlepiej i to jak najszybciej kar\u0119 ui\u015bci\u0107. Dostanie si\u0119 w\u00f3wczas swego rodzaju wpis w odpowiedniku naszego dowodu osobistego i sprawa za\u0142atwiona. Przynajmniej do kolejnych wybor\u00f3w i ewentualnie do kolejnej odmowy brania udzia\u0142u w g\u0142osowaniu.<\/p>\n<p style=\"text-align: justify;\">S\u0105 te\u017c pewne sytuacje, w kt\u00f3rych od g\u0142osowania mo\u017cna zosta\u0107 zwolnionym. Dotyczy to przede wszystkim nast\u0119puj\u0105cych sytuacji:<\/p>\n<ul>\n<li style=\"text-align: justify;\">kradzie\u017c lub utrata dowodu osobistego DNI (nale\u017cy mie\u0107 potwierdzenie z raportu policyjnego)<\/li>\n<li style=\"text-align: justify;\">\u015bmier\u0107 cz\u0142onka rodziny (rodzic, dziecko, rodze\u0144stwo lub ma\u0142\u017conek)<\/li>\n<li style=\"text-align: justify;\">katastrofy naturalne i si\u0142a wy\u017csza<\/li>\n<li style=\"text-align: justify;\">obywatele, kt\u00f3rzy podr\u00f3\u017cuj\u0105 za granic\u0119 w celu podj\u0119cia nauki lub zdrowia,<\/li>\n<li style=\"text-align: justify;\">niepe\u0142nosprawno\u015b\u0107<\/li>\n<\/ul>\n<p>&nbsp;<\/p>\n<h4 style=\"text-align: justify;\">Wybory prezydencie w Peru w 2016 roku i polskie korzenie u zwyci\u0119zcy<\/h4>\n<p style=\"text-align: justify;\">Na kolejn\u0105 kadencj\u0119 Peruwia\u0144czycy, jako prezydenta wybrali Pedro Pablo Kuczy\u0144skiego. Nazwisko jakby polskie. I s\u0142usznie, bo okazuje si\u0119, \u017ce prezydent to po trosze Polak, bowiem jego dziadkowie\u00a0w\u0142a\u015bnie z naszego kraju pochodzili.\u00a0I jakby nie by\u0142o, takim sposobem mamy kolejny akcent polsko-peruwia\u0144ski.<\/p>\n<blockquote>Czy wiesz, \u017ce w Europie tak\u017ce s\u0105 kraje, w kt\u00f3rych mamy obowi\u0105zek prawa wyborczego? Nale\u017cy do nich m.in. Belgia, Grecja, czy Luksemburg. Wi\u0119cej informcji na temat prawa\/obowi\u0105zku wyborczego na \u015bwiecie znajdziecie m.in.\u00a0<a href=\"https:\/\/orka.sejm.gov.pl\/WydBAS.nsf\/0\/533E6A0056138C99C12578F800480BC0\/$file\/Infos_110.pdf\" target=\"_blank\" rel=\"noopener noreferrer\">tutaj<\/a>\u00a0&#8211; w\u00a0artykule \u0141ukasza \u017bo\u0142\u0105dek \u201cPrzymus wyborczy\u201d (Biuro Analiz Sejmowych).<\/blockquote>\n","protected":false},"excerpt":{"rendered":"<p>Na czym polega przymus wyborczy w Peru?<\/p>\n","protected":false},"author":1,"featured_media":6312,"comment_status":"open","ping_status":"open","sticky":false,"template":"","format":"standard","meta":{"footnotes":""},"categories":[103,242],"tags":[834,835],"class_list":["post-6311","post","type-post","status-publish","format-standard","has-post-thumbnail","hentry","category-ogolnie-o-peru","category-peru","tag-przymus-wyborczy-w-peru","tag-wybory-prezydenckie-peru"],"_links":{"self":[{"href":"https:\/\/sylwiatravel.com\/pl\/wp-json\/wp\/v2\/posts\/6311","targetHints":{"allow":["GET"]}}],"collection":[{"href":"https:\/\/sylwiatravel.com\/pl\/wp-json\/wp\/v2\/posts"}],"about":[{"href":"https:\/\/sylwiatravel.com\/pl\/wp-json\/wp\/v2\/types\/post"}],"author":[{"embeddable":true,"href":"https:\/\/sylwiatravel.com\/pl\/wp-json\/wp\/v2\/users\/1"}],"replies":[{"embeddable":true,"href":"https:\/\/sylwiatravel.com\/pl\/wp-json\/wp\/v2\/comments?post=6311"}],"version-history":[{"count":0,"href":"https:\/\/sylwiatravel.com\/pl\/wp-json\/wp\/v2\/posts\/6311\/revisions"}],"wp:featuredmedia":[{"embeddable":true,"href":"https:\/\/sylwiatravel.com\/pl\/wp-json\/wp\/v2\/media\/6312"}],"wp:attachment":[{"href":"https:\/\/sylwiatravel.com\/pl\/wp-json\/wp\/v2\/media?parent=6311"}],"wp:term":[{"taxonomy":"category","embeddable":true,"href":"https:\/\/sylwiatravel.com\/pl\/wp-json\/wp\/v2\/categories?post=6311"},{"taxonomy":"post_tag","embeddable":true,"href":"https:\/\/sylwiatravel.com\/pl\/wp-json\/wp\/v2\/tags?post=6311"}],"curies":[{"name":"wp","href":"https:\/\/api.w.org\/{rel}","templated":true}]}}