{"id":6177,"date":"2017-01-01T13:31:04","date_gmt":"2017-01-01T18:31:04","guid":{"rendered":"https:\/\/sylwiatravel.com\/?p=6177\/"},"modified":"2020-01-12T21:29:21","modified_gmt":"2020-01-13T02:29:21","slug":"wspolpraca-gospodarca-miedzy-polska-i-peru","status":"publish","type":"post","link":"https:\/\/sylwiatravel.com\/pl\/wspolpraca-gospodarca-miedzy-polska-i-peru\/","title":{"rendered":"Inspiracje biznesowe, czyli wsp\u00f3\u0142praca gospodarcza mi\u0119dzy Polsk\u0105 i Peru"},"content":{"rendered":"<blockquote>Coraz cz\u0119\u015bciej i ch\u0119tniej polscy przedsi\u0119biorcy inwestuj\u0105 za granic\u0105. I bardzo dobrze. Warto poszerza\u0107 dzia\u0142alno\u015bci, b\u0105d\u017a te\u017c zwyczajnie prowadzi\u0107 je na nieco innej p\u0142aszczy\u017anie. Tym, kt\u00f3rzy my\u015bl\u0105 o nawi\u0105zaniu wsp\u00f3\u0142pracy z innymi krajami, polecam m.in. Peru. Kraj niezwykle interesuj\u0105cy, nie tylko turystycznie, ale i w kontek\u015bcie biznesowym. Zar\u00f3wno je\u017celi chodzi o import i export towar\u00f3w, jak te\u017c o \u015bwiadczenie wszelkiego rodzaju wyspecjalizowanych us\u0142ug.<\/blockquote>\n<h2 style=\"text-align: center;\">Wsp\u00f3\u0142praca gospodarcza mi\u0119dzy Polsk\u0105 i Peru<\/h2>\n<p style=\"text-align: justify;\">Poni\u017cej wyst\u0105pienie przedstawicieli Ambasady RP w Limie z 2016 r. na temat mo\u017cliwo\u015bci wsp\u00f3\u0142pracy gospodarczej mi\u0119dzy Polsk\u0105 i Peru.<\/p>\n<p><iframe title=\"Las posibilidades comerciales entre Per\u00fa y Polonia. DUKSZCO, Aneta [02 de marzo de 2016]\" width=\"500\" height=\"281\" src=\"https:\/\/www.youtube.com\/embed\/4WnccUkMPyY?feature=oembed\" frameborder=\"0\" allow=\"accelerometer; autoplay; clipboard-write; encrypted-media; gyroscope; picture-in-picture; web-share\" referrerpolicy=\"strict-origin-when-cross-origin\" allowfullscreen><\/iframe><\/p>\n<h3 style=\"text-align: justify;\">Przydatne linki<\/h3>\n<p style=\"text-align: justify;\">Ka\u017cdego zainteresowanego wymian\u0105 handlow\u0105 mi\u0119dzy Peru i Polsk\u0105 odsy\u0142am w pierwszej kolejno\u015bci do zapoznania si\u0119 z informacjami na poni\u017cszych stronach:<\/p>\n<ul>\n<li style=\"text-align: justify;\"><a href=\"https:\/\/www.lima.msz.gov.pl\/es\/\" target=\"_blank\" rel=\"noopener noreferrer\">Ambasada<\/a> RP w Limie<\/li>\n<li style=\"text-align: justify;\"><a href=\"https:\/\/www.peru.gob.pe\" target=\"_blank\" rel=\"noopener noreferrer\">Portal rz\u0105dowy<\/a><\/li>\n<li style=\"text-align: justify;\"><a href=\"https:\/\/www.promperu.gob.pe\/\" target=\"_blank\" rel=\"noopener noreferrer\">PromPeru<\/a><\/li>\n<li style=\"text-align: justify;\">Ministerstwo Handlu Zagranicznego i Turystyki\u00a0<a href=\"https:\/\/ww2.mincetur.gob.pe\/\" target=\"_blank\" rel=\"noopener noreferrer\">Mincetur<\/a><\/li>\n<li style=\"text-align: justify;\">Narodowy <a href=\"https:\/\/www.inei.gob.pe\/\" target=\"_blank\" rel=\"noopener noreferrer\">Instytut Statystyczny i Informatyczny\u00a0<\/a><\/li>\n<li style=\"text-align: justify;\"><span style=\"color: #000000;\">Gazety ekonomiczne on-line <a href=\"https:\/\/gestion.pe\/\" target=\"_blank\" rel=\"noopener noreferrer\">Gestion<\/a>, <a href=\"https:\/\/www.exportar.com.pe\" target=\"_blank\" rel=\"noopener noreferrer\">Exportar<\/a>, czy<a href=\"https:\/\/elcomercio.pe\/\" target=\"_blank\" rel=\"noopener noreferrer\"> El Comercio<\/a><\/span><\/li>\n<\/ul>\n<p>&nbsp;<\/p>\n<p style=\"text-align: justify;\">Ponadto\u00a0warto poczyta\u0107 dost\u0119pne og\u00f3lnie w Internecie raporty o sytuacji w Peru, np <a href=\"https:\/\/documentos.bancomundial.org\/curated\/es\/600921467995400041\/pdf\/99400-REPLACEMENT-FILE-Peru-Building-on-Success-WEB.pdf\" target=\"_blank\" rel=\"noopener noreferrer\">tutaj <\/a>lub te\u017c <a href=\"https:\/\/www.focus-economics.com\/countries\/peru\" target=\"_blank\" rel=\"noopener noreferrer\">tutaj<\/a>. Dzi\u0119ki nim poznacie najwa\u017cniejsze dane dot. tego kraju, kt\u00f3re by\u0107 mo\u017ce zainteresuj\u0105 Was i zainspiruj\u0105 na tyle, \u017ce zaczniecie poszerza\u0107 \u00a0horyzonty biznesowe!<\/p>\n<blockquote>Zastanawiasz si\u0119 nad wymian\u0105 handlow\u0105 mi\u0119dzy Polsk\u0105 i Peru? Chcia\u0142by\u015b zainwestowa\u0107 w dawnym kraju Ink\u00f3w? Napisz do nas! Ch\u0119tnie nawi\u0105\u017cemy z Tob\u0105 lub Twoj\u0105 firm\u0105 wsp\u00f3\u0142prac\u0119 w tym zakresie.<\/blockquote>\n","protected":false},"excerpt":{"rendered":"<p>Kilka slow, jak wygl\u0105da wsp\u00f3\u0142praca gospodarcza mi\u0119dzy Polsk\u0105 i Peru<\/p>\n","protected":false},"author":1,"featured_media":6178,"comment_status":"open","ping_status":"open","sticky":false,"template":"","format":"standard","meta":{"footnotes":""},"categories":[103,242],"tags":[825,5280,826],"class_list":["post-6177","post","type-post","status-publish","format-standard","has-post-thumbnail","hentry","category-ogolnie-o-peru","category-peru","tag-biznes-inspiracje","tag-wspolpraca-gospodarcza-miedzy-polska-i-peru","tag-wymiana-handlowa-polska-peru"],"_links":{"self":[{"href":"https:\/\/sylwiatravel.com\/pl\/wp-json\/wp\/v2\/posts\/6177","targetHints":{"allow":["GET"]}}],"collection":[{"href":"https:\/\/sylwiatravel.com\/pl\/wp-json\/wp\/v2\/posts"}],"about":[{"href":"https:\/\/sylwiatravel.com\/pl\/wp-json\/wp\/v2\/types\/post"}],"author":[{"embeddable":true,"href":"https:\/\/sylwiatravel.com\/pl\/wp-json\/wp\/v2\/users\/1"}],"replies":[{"embeddable":true,"href":"https:\/\/sylwiatravel.com\/pl\/wp-json\/wp\/v2\/comments?post=6177"}],"version-history":[{"count":0,"href":"https:\/\/sylwiatravel.com\/pl\/wp-json\/wp\/v2\/posts\/6177\/revisions"}],"wp:featuredmedia":[{"embeddable":true,"href":"https:\/\/sylwiatravel.com\/pl\/wp-json\/wp\/v2\/media\/6178"}],"wp:attachment":[{"href":"https:\/\/sylwiatravel.com\/pl\/wp-json\/wp\/v2\/media?parent=6177"}],"wp:term":[{"taxonomy":"category","embeddable":true,"href":"https:\/\/sylwiatravel.com\/pl\/wp-json\/wp\/v2\/categories?post=6177"},{"taxonomy":"post_tag","embeddable":true,"href":"https:\/\/sylwiatravel.com\/pl\/wp-json\/wp\/v2\/tags?post=6177"}],"curies":[{"name":"wp","href":"https:\/\/api.w.org\/{rel}","templated":true}]}}