{"id":15422,"date":"2020-03-22T13:36:49","date_gmt":"2020-03-22T18:36:49","guid":{"rendered":"https:\/\/sylwiatravel.com\/?p=15422"},"modified":"2020-03-25T11:10:22","modified_gmt":"2020-03-25T16:10:22","slug":"hymn-peru-oficjalny-i-contigo-peru","status":"publish","type":"post","link":"https:\/\/sylwiatravel.com\/pl\/hymn-peru-oficjalny-i-contigo-peru\/","title":{"rendered":"Hymn Peru. Poza hymnem narodowym Peru ma jeszcze inny hymn. Znasz Contigo Peru?"},"content":{"rendered":"<blockquote>Hymn Peru jest pi\u0119kny, ale w praktyce nie tylko on podbija serca Peruwia\u0144czyk\u00f3w. Jest w tym kraju inna piosenka, kt\u00f3ra chyba cz\u0119\u015bciej powoduje, \u017ce \u0142ezka w oku si\u0119 kreci. O jakim utworze mowa? Koniecznie przeczytajcie i pos\u0142uchajcie \ud83d\ude42<\/blockquote>\n<h4 style=\"text-align: center;\">Contigo Peru to zdaniem wielu Peruwia\u0144czyk\u00f3w drugi hymn Peru<\/h4>\n<p>Szczeg\u00f3lne emocje towarzysz\u0105 Peruwia\u0144czykom zawsze, gdy \u015bpiewaj\u0105 piosenk\u0119 &#8220;Contigo Peru&#8221;. \u015amia\u0142o mo\u017cna j\u0105 zatem nazwa\u0107 drugim hymnem Peru. Kiedy powsta\u0142 ten utw\u00f3r, w jakich celach i okoliczno\u015bciach? Wszystkiego dowiecie si\u0119 z poni\u017cszego artyku\u0142u. Ale najpierw kilka s\u0142\u00f3w o hymnie oficjalnym :-).<\/p>\n<p>W dniu 17 wrze\u015bnia 1821 r. odby\u0142 si\u0119 konkurs na hymn narodowy Peru. Wybrano w\u00f3wczas kompozycj\u0119 stworzon\u0105 przez Jos\u00e9 Bernardo Alcedo &#8211; muzyka i Jos\u00e9 de la Torre Ugarte &#8211; tekst. W tym samym roku utw\u00f3r ten przyj\u0119to jako hymn narodowy. 1869 rok kompozytor Alcedo poprosi\u0142 Claudio Rebagliatiego o harmonizacj\u0119 i standaryzacj\u0119 hymnu, poniewa\u017c powstawa\u0142y r\u00f3\u017cne jego aran\u017cacje pod wzgl\u0119dem brzmienia, tempa, a nawet formy \u015bpiewu.<\/p>\n<p>Pos\u0142uchaj hymnu oficjalnego Peru <a title=\"Hymn Peru\" href=\"https:\/\/www.youtube.com\/watch?v=yozoiNu0CYo\" target=\"_blank\" rel=\"noopener\">tutaj<\/a>.<\/p>\n<p>Ale poza hymnem narodowym Peru ma jeszcze inny hymn &#8211; nieoficjalny. Za taki uznaj\u0105 go sami Peruwia\u0144czycy. Mowa o &#8220;Contigo Peru&#8221; &#8211; piosenka ponadczasowa, kt\u00f3ra od wielu lat nie traci na popularno\u015bci, przeciwnie z czasem staje si\u0119 jeszcze bardziej znana i wa\u017cna dla mieszka\u0144c\u00f3w Peru.<\/p>\n<p><strong>A jaka jest historia powstania &#8220;Contigo Peru&#8221;?<\/strong><\/p>\n<p>Augusto Polo Campos &#8211; muzyk, kompozytor, nauczyciel muzyki. To on jest tw\u00f3rc\u0105&#8221;Contigo Peru&#8221;. Potrzebowa\u0142 zaledwie 14 minut, aby piosenka powsta\u0142a! Da si\u0119? Jak najbardziej!\u00a0\u00a0A wiesz gdzie powsta\u0142a? W kawiarni, na odwrocie faktury, w nieca\u0142e 15 minut. Augusto Campos mia\u0142 na przygotowanie teksu \u0142\u0105cznie 15 dni, ale jak wida\u0107, wystarczy\u0142 mu kwadrans, by stworzy\u0107 ponadczasowy hit, kt\u00f3ry b\u0119dzie \u015bpiewany cz\u0119\u015bciej ni\u017c oficjalny hymn kraju. &#8220;Contigo Peru&#8221; towarzyszy\u0142a peruwia\u0144skiej dru\u017cynie pi\u0142karskiej w kwalifikacjach do Mistrzostw \u015bwiata w Argentynie w 1978 r. Utw\u00f3r okaza\u0142 si\u0119 strza\u0142em w dziesi\u0105tk\u0119 nie tylko jednak na ten czas. Piosenka przetrwa\u0142a do dzi\u015b, jej s\u0142awa nie maleje!<\/p>\n<p>Wi\u0119cej dowiecie si\u0119 z tego wywiadu: <a title=\"Hymn Peru i Contigo Peru\" href=\"https:\/\/www.youtube.com\/watch?v=HzOC-NO-1fI\" target=\"_blank\" rel=\"noopener noreferrer\">Canci\u00f3n Contigo Per\u00fa &#8211; historia &#8211; polo campos<\/a><\/p>\n<p>Jak dla mnie tekst piosenki &#8220;Contigo Peru&#8221; jest niesamowity. Tego utworu nie da si\u0119 s\u0142ucha\u0107 bez emocji, tych pozytywnych. To piosenka o r\u00f3wno\u015bci, maksymalnej jedno\u015bci i nadziei. &#8220;(&#8230;) Od p\u00f3\u0142nocy przez centrum po po\u0142udnie kraju, od wybrze\u017ca, przez Andy, po d\u017cungl\u0119 &#8211; Peru, jako jedno! (&#8230;).<\/p>\n<p>Pos\u0142uchajcie sami. Przed wami trzy wersje \ud83d\ude42<\/p>\n<p>Arturo &#8216;Zambo&#8217; Cavero &amp; \u00d3scar Avil\u00e9s &#8211; <a title=\"Hymn Peru nieoficjalny :-)\" href=\"https:\/\/www.youtube.com\/watch?v=CCx58fKFPMo&amp;feature=youtu.be\" target=\"_blank\" rel=\"noopener noreferrer\">Contigo Per\u00fa<\/a><\/p>\n<p class=\"title style-scope ytd-video-primary-info-renderer\"><a title=\"Hymn Peru oficjalny i Contigo Peru jako drugi hymn\" href=\"https:\/\/www.youtube.com\/watch?v=HPEriYIJTyM\" target=\"_blank\" rel=\"noopener noreferrer\">Contigo Peru <\/a>&#8211; w wersji oficjalnej z 1978 roku<\/p>\n<p><a title=\"Hymn Peru oficjalny i Contigo Peru jako drugi hymn\" href=\"https:\/\/www.youtube.com\/watch?v=eQKkhxZlZNQ&amp;t=2s\" target=\"_blank\" rel=\"noopener noreferrer\">Contigo Peru<\/a> &#8211; w wersji ze stadionu w Rosji, w wykonywaniu peruwia\u0144skich kibic\u00f3w, podczas meczu pi\u0142ki no\u017cnej w 2019 mi\u0119dzy Peru &#8211; Dania<\/p>\n<p><strong>Znacie inne s\u0142ynne utwory Augusto Polo Camposa?<\/strong><\/p>\n<p>Warto wspomnie\u0107 w tym miejscu m.in. o \u201eY se lama Per\u00fa\u201d.\u00a0 Piosenka ta towarzyszy\u0142a peruwia\u0144skiej reprezentacji pi\u0142ki no\u017cnej podczas kwalifikacji do Mistrzostw \u015awiata w Niemczech 1974. Peruwia\u0144czycy mieli odby\u0107 mecz z Chile, swoim odwiecznym pi\u0142karskim wrogiem. \u00d3wczesny prezydent Peru Juana Velasco Alvarado poprosi\u0142 Augusto Polo Campos o skomponowanie utworu, kt\u00f3ry pobudza\u0142by rodak\u00f3w, napawa\u0142 optymizmem i kt\u00f3ry uczy\u0142by ich kocha\u0107 sw\u00f3j kraj. Jak wida\u0107 podoba sytuacja do tej z utworem Contigo Peru, przy czym tam piosenka okaza\u0142a si\u0119 jeszcze wi\u0119kszym hitem ni\u017c \u201eY se lama Per\u00fa\u201d.<\/p>\n<p>&#8220;Y se llama PER\u00da&#8221; w wykonaniu Arturo &#8220;Zambo&#8221; Cavero \u2013 pos\u0142uchajcie <a title=\"Piosenki z Peru\" href=\"https:\/\/www.youtube.com\/watch?v=Eifk8544Jbs&amp;feature=youtu.be\" target=\"_blank\" rel=\"noopener noreferrer\">tutaj<\/a>.<\/p>\n<p>Jedn\u0105 za\u015b z najbardziej charakterystycznych piosenek Polo Camposa, stanowi\u0105c\u0105 wa\u017cn\u0105 cz\u0119\u015b\u0107 historii muzyki kreolskiej, jest utw\u00f3r \u201eCari\u00f1o Bonito\u201d- pos\u0142uchajcie <a title=\"Piosenki peruwia\u0144skie\" href=\"https:\/\/www.youtube.com\/watch?v=nBZWczgh_tw&amp;feature=youtu.be\" target=\"_blank\" rel=\"noopener noreferrer\">tutaj<\/a>.<\/p>\n<p>Je\u017celi interesuje Was muzyka peruwia\u0144ska, zapraszamy tak\u017ce do artyku\u0142u\u00a0<a title=\"Hymn Peru oraz Contigo Peru\" href=\"https:\/\/sylwiatravel.com\/pl\/muzyka-w-kechua-peru-wokalistka-renata-flores\/\" target=\"_blank\" rel=\"noopener noreferrer\">Muzyka w kechua z Peru i wokalistka Renata Flores<\/a> \ud83d\ude42<\/p>\n<blockquote>Muzyka peruwia\u0144ska to nie tylko pi\u0119kne teksy piosenek, ale tak\u017ce w wielu przypadkach niezwykle ciekawa historia ich powstawania. Podczas wypraw z nami, nasi przewodnicy z przyjemno\u015bci\u0105 Wam wiele takich muzycznych ciekawostek opowiedz\u0105, bo s\u0105 one cz\u0119\u015bci\u0105 kultury i historii peruwia\u0144skiej. Dzi\u0119ki temu lepiej poznacie tutejsze realia, \u0142atwiej te\u017c b\u0119dzie zrozumie\u0107 ten kraj i jego spo\u0142ecze\u0144stwo \ud83d\ude42<\/blockquote>\n","protected":false},"excerpt":{"rendered":"<p>Co ciekawego robimy podczas naszych wypraw? Mi\u0119dzy innymi opowiadamy o niezwyk\u0142ych Peruwia\u0144czykach, ciekawych historiach, kt\u00f3re s\u0105 wa\u017cne dla Peru i Peruwia\u0144czyk\u00f3w. Muzyka to jeden z tych temat\u00f3w. Nie mo\u017ce go zatem zabrakn\u0105\u0107 \ud83d\ude42<\/p>\n","protected":false},"author":1,"featured_media":14865,"comment_status":"open","ping_status":"open","sticky":false,"template":"","format":"standard","meta":{"footnotes":""},"categories":[103,242],"tags":[5361,5360,5362],"class_list":["post-15422","post","type-post","status-publish","format-standard","has-post-thumbnail","hentry","category-ogolnie-o-peru","category-peru","tag-contigo-peru","tag-hymn-peru","tag-peru-hymn-nieoficjalny"],"_links":{"self":[{"href":"https:\/\/sylwiatravel.com\/pl\/wp-json\/wp\/v2\/posts\/15422","targetHints":{"allow":["GET"]}}],"collection":[{"href":"https:\/\/sylwiatravel.com\/pl\/wp-json\/wp\/v2\/posts"}],"about":[{"href":"https:\/\/sylwiatravel.com\/pl\/wp-json\/wp\/v2\/types\/post"}],"author":[{"embeddable":true,"href":"https:\/\/sylwiatravel.com\/pl\/wp-json\/wp\/v2\/users\/1"}],"replies":[{"embeddable":true,"href":"https:\/\/sylwiatravel.com\/pl\/wp-json\/wp\/v2\/comments?post=15422"}],"version-history":[{"count":0,"href":"https:\/\/sylwiatravel.com\/pl\/wp-json\/wp\/v2\/posts\/15422\/revisions"}],"wp:featuredmedia":[{"embeddable":true,"href":"https:\/\/sylwiatravel.com\/pl\/wp-json\/wp\/v2\/media\/14865"}],"wp:attachment":[{"href":"https:\/\/sylwiatravel.com\/pl\/wp-json\/wp\/v2\/media?parent=15422"}],"wp:term":[{"taxonomy":"category","embeddable":true,"href":"https:\/\/sylwiatravel.com\/pl\/wp-json\/wp\/v2\/categories?post=15422"},{"taxonomy":"post_tag","embeddable":true,"href":"https:\/\/sylwiatravel.com\/pl\/wp-json\/wp\/v2\/tags?post=15422"}],"curies":[{"name":"wp","href":"https:\/\/api.w.org\/{rel}","templated":true}]}}